{"id":705,"date":"2026-09-01T11:14:07","date_gmt":"2026-09-01T11:14:07","guid":{"rendered":"https:\/\/viveromercier.com.ar\/sitio\/?p=705"},"modified":"2026-09-01T11:14:07","modified_gmt":"2026-09-01T11:14:07","slug":"una-politica-que-se-sostiene-en-el-tiempo-alcanzamos-5-anos-consecutivos-de-certificacion-en-bpa","status":"publish","type":"post","link":"https:\/\/viveromercier.com.ar\/sitio\/2026\/09\/01\/una-politica-que-se-sostiene-en-el-tiempo-alcanzamos-5-anos-consecutivos-de-certificacion-en-bpa\/","title":{"rendered":"Una pol\u00edtica que se sostiene en el tiempo: alcanzamos 5 a\u00f1os consecutivos de certificaci\u00f3n en BPA"},"content":{"rendered":"<p>Por quinto a\u00f1o consecutivo obtuvimos el mantenimiento de la certificaci\u00f3n en <strong>Buenas Pr\u00e1cticas Agr\u00edcolas (BPA) para la producci\u00f3n de plantas de vid<\/strong>, bajo la normativa <strong>IRAM 14110-3:2022<\/strong>, otorgada por el Instituto Argentino de Normalizaci\u00f3n y Certificaci\u00f3n (IRAM).<\/p>\n<p>La certificaci\u00f3n alcanza a <strong>dos de las unidades de producci\u00f3n de la empresa <\/strong>(Perdriel y Los Sauces), y representa la continuidad de un proceso que sostenemos desde hace muchos a\u00f1os con el objetivo de integrar criterios de calidad, trazabilidad, cuidado ambiental, salud y seguridad en sus pr\u00e1cticas cotidianas.<\/p>\n<p>M\u00e1s que la renovaci\u00f3n de un certificado, este quinto a\u00f1o consecutivo da cuenta de la <strong>integraci\u00f3n de una pol\u00edtica de sostenibilidad<\/strong> que se construye de manera transversal y que requiere del compromiso diario de todas las personas que forman parte de la organizaci\u00f3n.<\/p>\n<p><em>\u201cMantener nuestra certificaci\u00f3n en Buenas Pr\u00e1cticas Agr\u00edcolas demuestra que la sostenibilidad no es una acci\u00f3n puntual ni responde solamente a una instancia de auditor\u00eda. Es una forma de trabajar que fuimos construyendo y afianzando a lo largo de estos a\u00f1os\u201d,<\/em> se\u00f1ala <strong>Laura Bree, responsable del Departamento de I+D+i &amp; Sostenibilidad de Vivero Mercier<\/strong>.<\/p>\n<p>La profesional destaca especialmente el rol del equipo: <em>\u201ccada recertificaci\u00f3n es posible porque hay muchas personas que, desde sus diferentes tareas y responsabilidades, sostienen estos est\u00e1ndares todos los d\u00edas. El verdadero valor est\u00e1 en que las buenas pr\u00e1cticas se hayan convertido en h\u00e1bitos y en una responsabilidad compartida\u201d.<\/em><\/p>\n<p>El proceso cont\u00f3, adem\u00e1s, con el acompa\u00f1amiento y asesoramiento de <strong>Laura Bardotti y Cristina Reising<\/strong>, cuyo aporte ha sido fundamental para la implementaci\u00f3n, seguimiento y mejora continua de las pr\u00e1cticas que permiten mantener la certificaci\u00f3n.<\/p>\n<p>Para <strong>Daniel Bergamin, director t\u00e9cnico de Vivero Mercier<\/strong>, la continuidad de la certificaci\u00f3n tambi\u00e9n refleja una manera de entender la producci\u00f3n: <em>\u201cProducir plantas de vid de calidad implica cuidar cada etapa del proceso. Las Buenas Pr\u00e1cticas Agr\u00edcolas nos permiten ordenar y fortalecer esa manera de trabajar, asegurando condiciones adecuadas para las personas, para el ambiente y para obtener un producto de excelencia\u201d.<\/em><\/p>\n<p>La certificaci\u00f3n contempla aspectos vinculados con el <strong>cuidado de los recursos naturales y el ambiente, la salud y seguridad de los trabajadores, la relaci\u00f3n responsable con la comunidad y la calidad del producto final<\/strong>.<\/p>\n<p><em>\u201cCuando una pol\u00edtica logra sostenerse durante cinco a\u00f1os y atraviesa distintas \u00e1reas, equipos y unidades de producci\u00f3n, deja de ser una pol\u00edtica declarativa para convertirse en parte de la cultura de una organizaci\u00f3n\u201d,<\/em> agrega Bree. <em>\u201cEste nuevo reconocimiento nos impulsa a seguir revisando nuestras pr\u00e1cticas, aprendiendo y buscando nuevas formas de hacer las cosas cada vez mejor\u201d.<\/em><\/p>\n","protected":false},"excerpt":{"rendered":"<p>Por quinto a\u00f1o consecutivo obtuvimos el mantenimiento de la certificaci\u00f3n en Buenas Pr\u00e1cticas Agr\u00edcolas (BPA) para la producci\u00f3n de plantas de vid, bajo la normativa IRAM 14110-3:2022, otorgada por el Instituto Argentino de Normalizaci\u00f3n y Certificaci\u00f3n (IRAM). La certificaci\u00f3n alcanza a dos de las unidades de producci\u00f3n de la empresa (Perdriel y Los Sauces), y &hellip; <\/p>\n<p class=\"link-more\"><a href=\"https:\/\/viveromercier.com.ar\/sitio\/2026\/09\/01\/una-politica-que-se-sostiene-en-el-tiempo-alcanzamos-5-anos-consecutivos-de-certificacion-en-bpa\/\" class=\"more-link\">Continuar leyendo<span class=\"screen-reader-text\"> \u00abUna pol\u00edtica que se sostiene en el tiempo: alcanzamos 5 a\u00f1os consecutivos de certificaci\u00f3n en BPA\u00bb<\/span><\/a><\/p>\n","protected":false},"author":2,"featured_media":708,"comment_status":"open","ping_status":"open","sticky":false,"template":"","format":"standard","meta":{"footnotes":""},"categories":[1],"tags":[],"class_list":["post-705","post","type-post","status-publish","format-standard","has-post-thumbnail","hentry","category-sin-categoria"],"_links":{"self":[{"href":"https:\/\/viveromercier.com.ar\/sitio\/wp-json\/wp\/v2\/posts\/705","targetHints":{"allow":["GET"]}}],"collection":[{"href":"https:\/\/viveromercier.com.ar\/sitio\/wp-json\/wp\/v2\/posts"}],"about":[{"href":"https:\/\/viveromercier.com.ar\/sitio\/wp-json\/wp\/v2\/types\/post"}],"author":[{"embeddable":true,"href":"https:\/\/viveromercier.com.ar\/sitio\/wp-json\/wp\/v2\/users\/2"}],"replies":[{"embeddable":true,"href":"https:\/\/viveromercier.com.ar\/sitio\/wp-json\/wp\/v2\/comments?post=705"}],"version-history":[{"count":1,"href":"https:\/\/viveromercier.com.ar\/sitio\/wp-json\/wp\/v2\/posts\/705\/revisions"}],"predecessor-version":[{"id":707,"href":"https:\/\/viveromercier.com.ar\/sitio\/wp-json\/wp\/v2\/posts\/705\/revisions\/707"}],"wp:featuredmedia":[{"embeddable":true,"href":"https:\/\/viveromercier.com.ar\/sitio\/wp-json\/wp\/v2\/media\/708"}],"wp:attachment":[{"href":"https:\/\/viveromercier.com.ar\/sitio\/wp-json\/wp\/v2\/media?parent=705"}],"wp:term":[{"taxonomy":"category","embeddable":true,"href":"https:\/\/viveromercier.com.ar\/sitio\/wp-json\/wp\/v2\/categories?post=705"},{"taxonomy":"post_tag","embeddable":true,"href":"https:\/\/viveromercier.com.ar\/sitio\/wp-json\/wp\/v2\/tags?post=705"}],"curies":[{"name":"wp","href":"https:\/\/api.w.org\/{rel}","templated":true}]}}