{"id":651,"date":"2026-01-23T12:32:55","date_gmt":"2026-01-23T12:32:55","guid":{"rendered":"https:\/\/viveromercier.com.ar\/sitio\/?p=651"},"modified":"2026-01-23T12:32:55","modified_gmt":"2026-01-23T12:32:55","slug":"la-nueva-generacion-de-uva-de-mesa-ya-se-prueba-en-argentina","status":"publish","type":"post","link":"http:\/\/viveromercier.com.ar\/sitio\/2026\/01\/23\/la-nueva-generacion-de-uva-de-mesa-ya-se-prueba-en-argentina\/","title":{"rendered":"La nueva generaci\u00f3n de uva de mesa ya se prueba en Argentina"},"content":{"rendered":"<p>La viticultura de mesa de <strong>nueva generaci\u00f3n ya es una realidad en Argentina<\/strong>. Mientras los mercados internacionales elevan sus est\u00e1ndares y demandan frutas m\u00e1s atractivas, eficientes y rentables, <strong>Vivero Mercier Argentina avanza a paso firme en la evaluaci\u00f3n local de variedades de uva de mesa de alto impacto comercial<\/strong>, posicionando a los productores nacionales en la misma l\u00ednea que los grandes referentes mundiales del sector.<\/p>\n<p>Desde <strong>Mendoza y San Juan<\/strong>, dos de las principales regiones vitivin\u00edcolas del pa\u00eds, el vivero ya se encuentra <strong>evaluando gen\u00e9ticas de \u00faltima generaci\u00f3n<\/strong> desarrolladas por el programa <strong>ITUM de Murcia (Espa\u00f1a)<\/strong>, en el marco de su alianza estrat\u00e9gica con <strong>ANA Chile<\/strong>. Se trata de variedades que est\u00e1n revolucionando la producci\u00f3n de uva de mesa en pa\u00edses como Espa\u00f1a, Australia, Chile, Per\u00fa, Nueva Zelanda y Estados Unidos, y que hoy comienzan a mostrar su potencial en condiciones argentinas.<\/p>\n<p><img loading=\"lazy\" decoding=\"async\" class=\"wp-image-657  aligncenter\" src=\"http:\/\/viveromercier.com.ar\/sitio\/wp-content\/uploads\/2026\/01\/UVAS-DE-MESA-3-e1769171404931-1024x888.jpeg\" alt=\"\" width=\"460\" height=\"399\" srcset=\"http:\/\/viveromercier.com.ar\/sitio\/wp-content\/uploads\/2026\/01\/UVAS-DE-MESA-3-e1769171404931-1024x888.jpeg 1024w, http:\/\/viveromercier.com.ar\/sitio\/wp-content\/uploads\/2026\/01\/UVAS-DE-MESA-3-e1769171404931-300x260.jpeg 300w, http:\/\/viveromercier.com.ar\/sitio\/wp-content\/uploads\/2026\/01\/UVAS-DE-MESA-3-e1769171404931-768x666.jpeg 768w, http:\/\/viveromercier.com.ar\/sitio\/wp-content\/uploads\/2026\/01\/UVAS-DE-MESA-3-e1769171404931.jpeg 1220w\" sizes=\"auto, (max-width: 460px) 100vw, 460px\" \/>\u00a0<strong>Una visita estrat\u00e9gica que consolida el proyecto<\/strong><\/p>\n<p>En este contexto, Vivero Mercier Argentina recibi\u00f3 recientemente la visita del<strong> Gerente General de ANA Chile, Luis Fern\u00e1ndez Mac Dermit, y de su Gerente Comercial, Andr\u00e9s Valdivieso<\/strong>, quienes se reunieron con referentes del vivero para avanzar con el proyecto. El objetivo fue claro: <strong>profundizar el dise\u00f1o de la estrategia de desarrollo e inserci\u00f3n de estas variedades en la Argentina<\/strong>, con una mirada de largo plazo y foco en la competitividad del productor.<\/p>\n<p>Durante la visita, los referentes recorrieron la <strong>primera parcela de evaluaci\u00f3n implantada en el predio del vivero<\/strong>, donde se analizaron los comportamientos agron\u00f3micos, el desarrollo vegetativo y los <strong>primeros indicadores productivos bajo condiciones locales<\/strong>. Estas evaluaciones se realizar\u00e1n de manera paralela en <strong>ensayos en Mendoza y San Juan<\/strong>, lo que permitir\u00e1 comparar ambientes, ajustar manejos y definir con precisi\u00f3n cu\u00e1les son las variedades con mejor adaptaci\u00f3n, rendimiento y calidad comercial para cada regi\u00f3n.<\/p>\n<p><img loading=\"lazy\" decoding=\"async\" class=\"wp-image-655 size-large aligncenter\" src=\"http:\/\/viveromercier.com.ar\/sitio\/wp-content\/uploads\/2026\/01\/Luis-Fernandez-Gerente-Grupo-Ana-Chile-e1769171457862-1024x755.jpeg\" alt=\"\" width=\"525\" height=\"387\" srcset=\"http:\/\/viveromercier.com.ar\/sitio\/wp-content\/uploads\/2026\/01\/Luis-Fernandez-Gerente-Grupo-Ana-Chile-e1769171457862-1024x755.jpeg 1024w, http:\/\/viveromercier.com.ar\/sitio\/wp-content\/uploads\/2026\/01\/Luis-Fernandez-Gerente-Grupo-Ana-Chile-e1769171457862-300x221.jpeg 300w, http:\/\/viveromercier.com.ar\/sitio\/wp-content\/uploads\/2026\/01\/Luis-Fernandez-Gerente-Grupo-Ana-Chile-e1769171457862-768x566.jpeg 768w, http:\/\/viveromercier.com.ar\/sitio\/wp-content\/uploads\/2026\/01\/Luis-Fernandez-Gerente-Grupo-Ana-Chile-e1769171457862.jpeg 1200w\" sizes=\"auto, (max-width: 525px) 100vw, 525px\" \/><\/p>\n<p><strong>Gen\u00e9tica pensada para competir en serio<\/strong><\/p>\n<p>Las variedades que hoy se eval\u00faan en Argentina responden a un nuevo concepto de viticultura de mesa: <strong>alta productividad, excelente presentaci\u00f3n comercial y eficiencia en el manejo<\/strong>. Racimos grandes y uniformes, bayas de atractivo calibre, textura crocante, sabores equilibrados y amplias ventanas de cosecha son solo algunas de las caracter\u00edsticas que explican su \u00e9xito en los mercados m\u00e1s exigentes del mundo.<\/p>\n<p>A esto se suma un factor clave para la rentabilidad: <strong>gen\u00e9ticas dise\u00f1adas para reducir costos<\/strong>, con menor necesidad de intervenciones y, en algunos casos, mayor tolerancia a enfermedades, aline\u00e1ndose con las tendencias globales de sustentabilidad y eficiencia productiva.<\/p>\n<p><img loading=\"lazy\" decoding=\"async\" class=\"wp-image-656 size-large aligncenter\" src=\"http:\/\/viveromercier.com.ar\/sitio\/wp-content\/uploads\/2026\/01\/UVAS-DE-MESA-2-e1769171493853-1024x638.jpeg\" alt=\"\" width=\"525\" height=\"327\" srcset=\"http:\/\/viveromercier.com.ar\/sitio\/wp-content\/uploads\/2026\/01\/UVAS-DE-MESA-2-e1769171493853-1024x638.jpeg 1024w, http:\/\/viveromercier.com.ar\/sitio\/wp-content\/uploads\/2026\/01\/UVAS-DE-MESA-2-e1769171493853-300x187.jpeg 300w, http:\/\/viveromercier.com.ar\/sitio\/wp-content\/uploads\/2026\/01\/UVAS-DE-MESA-2-e1769171493853-768x478.jpeg 768w, http:\/\/viveromercier.com.ar\/sitio\/wp-content\/uploads\/2026\/01\/UVAS-DE-MESA-2-e1769171493853.jpeg 1220w\" sizes=\"auto, (max-width: 525px) 100vw, 525px\" \/><\/p>\n<p><strong>Introducci\u00f3n selectiva, estrategia global<\/strong><\/p>\n<p>La llegada de estas variedades al mercado argentino no ser\u00e1 masiva ni improvisada. <strong>Vivero Mercier Argentina impulsa un esquema de adopci\u00f3n comercial selectiva<\/strong>, orientado a productores y empresas de primera l\u00ednea, bajo sistemas de <strong>licenciamiento y royalty<\/strong>, que aseguran trazabilidad, calidad gen\u00e9tica y un posicionamiento comercial s\u00f3lido.<\/p>\n<p>Este enfoque permite construir propuestas varietales diferenciales, evitar la sobreoferta y <strong>maximizar el valor de cada kilo producido<\/strong>, un aspecto central para competir en los mercados nacionales e internacionales.<\/p>\n<p><strong>El futuro se empieza a plantar hoy<\/strong><\/p>\n<p>Con ensayos en marcha, alianzas internacionales activas y una visi\u00f3n estrat\u00e9gica clara, <strong>Vivero Mercier Argentina demuestra que la nueva uva de mesa no es un proyecto a futuro: ya se est\u00e1 evaluando y construyendo hoy en Mendoza y San Juan<\/strong>.<\/p>\n<p>Para el productor que busca diversificar, mejorar su rentabilidad y jugar en las grandes ligas, el mensaje es contundente: <strong>la gen\u00e9tica adecuada ya est\u00e1 disponible y el momento de empezar es ahora<\/strong>.<\/p>\n<p><img loading=\"lazy\" decoding=\"async\" class=\"aligncenter wp-image-658 size-medium\" src=\"http:\/\/viveromercier.com.ar\/sitio\/wp-content\/uploads\/2026\/01\/UVAS-DE-MESA-4-300x300.jpeg\" alt=\"\" width=\"300\" height=\"300\" srcset=\"http:\/\/viveromercier.com.ar\/sitio\/wp-content\/uploads\/2026\/01\/UVAS-DE-MESA-4-300x300.jpeg 300w, http:\/\/viveromercier.com.ar\/sitio\/wp-content\/uploads\/2026\/01\/UVAS-DE-MESA-4-1021x1024.jpeg 1021w, http:\/\/viveromercier.com.ar\/sitio\/wp-content\/uploads\/2026\/01\/UVAS-DE-MESA-4-768x770.jpeg 768w, http:\/\/viveromercier.com.ar\/sitio\/wp-content\/uploads\/2026\/01\/UVAS-DE-MESA-4-100x100.jpeg 100w, http:\/\/viveromercier.com.ar\/sitio\/wp-content\/uploads\/2026\/01\/UVAS-DE-MESA-4.jpeg 1214w\" sizes=\"auto, (max-width: 300px) 100vw, 300px\" \/><\/p>\n","protected":false},"excerpt":{"rendered":"<p>La viticultura de mesa de nueva generaci\u00f3n ya es una realidad en Argentina. Mientras los mercados internacionales elevan sus est\u00e1ndares y demandan frutas m\u00e1s atractivas, eficientes y rentables, Vivero Mercier Argentina avanza a paso firme en la evaluaci\u00f3n local de variedades de uva de mesa de alto impacto comercial, posicionando a los productores nacionales en &hellip; <\/p>\n<p class=\"link-more\"><a href=\"http:\/\/viveromercier.com.ar\/sitio\/2026\/01\/23\/la-nueva-generacion-de-uva-de-mesa-ya-se-prueba-en-argentina\/\" class=\"more-link\">Continuar leyendo<span class=\"screen-reader-text\"> \u00abLa nueva generaci\u00f3n de uva de mesa ya se prueba en Argentina\u00bb<\/span><\/a><\/p>\n","protected":false},"author":2,"featured_media":654,"comment_status":"open","ping_status":"open","sticky":false,"template":"","format":"standard","meta":{"footnotes":""},"categories":[2],"tags":[],"class_list":["post-651","post","type-post","status-publish","format-standard","has-post-thumbnail","hentry","category-blog"],"_links":{"self":[{"href":"http:\/\/viveromercier.com.ar\/sitio\/wp-json\/wp\/v2\/posts\/651","targetHints":{"allow":["GET"]}}],"collection":[{"href":"http:\/\/viveromercier.com.ar\/sitio\/wp-json\/wp\/v2\/posts"}],"about":[{"href":"http:\/\/viveromercier.com.ar\/sitio\/wp-json\/wp\/v2\/types\/post"}],"author":[{"embeddable":true,"href":"http:\/\/viveromercier.com.ar\/sitio\/wp-json\/wp\/v2\/users\/2"}],"replies":[{"embeddable":true,"href":"http:\/\/viveromercier.com.ar\/sitio\/wp-json\/wp\/v2\/comments?post=651"}],"version-history":[{"count":3,"href":"http:\/\/viveromercier.com.ar\/sitio\/wp-json\/wp\/v2\/posts\/651\/revisions"}],"predecessor-version":[{"id":660,"href":"http:\/\/viveromercier.com.ar\/sitio\/wp-json\/wp\/v2\/posts\/651\/revisions\/660"}],"wp:featuredmedia":[{"embeddable":true,"href":"http:\/\/viveromercier.com.ar\/sitio\/wp-json\/wp\/v2\/media\/654"}],"wp:attachment":[{"href":"http:\/\/viveromercier.com.ar\/sitio\/wp-json\/wp\/v2\/media?parent=651"}],"wp:term":[{"taxonomy":"category","embeddable":true,"href":"http:\/\/viveromercier.com.ar\/sitio\/wp-json\/wp\/v2\/categories?post=651"},{"taxonomy":"post_tag","embeddable":true,"href":"http:\/\/viveromercier.com.ar\/sitio\/wp-json\/wp\/v2\/tags?post=651"}],"curies":[{"name":"wp","href":"https:\/\/api.w.org\/{rel}","templated":true}]}}