{"id":586,"date":"2024-04-13T13:22:43","date_gmt":"2024-04-13T13:22:43","guid":{"rendered":"http:\/\/viveromercier.com.ar\/sitio\/?p=586"},"modified":"2025-09-24T13:42:53","modified_gmt":"2025-09-24T13:42:53","slug":"investigadores-mendocinos-lograron-descifrar-por-primera-vez-el-genoma-completo-del-malbec","status":"publish","type":"post","link":"http:\/\/viveromercier.com.ar\/sitio\/2024\/04\/13\/investigadores-mendocinos-lograron-descifrar-por-primera-vez-el-genoma-completo-del-malbec\/","title":{"rendered":"Investigadores mendocinos lograron descifrar por primera vez el  genoma completo del Malbec"},"content":{"rendered":"<p style=\"text-align: center;\"><em>El proyecto Iberogen fue posible gracias al trabajo articulado de <strong>Vivero Mercier<\/strong>, el <strong>Instituto de Biolog\u00eda Agr\u00edcola de Mendoza<\/strong> (IBAM, CONICET-UNCUYO), e instituciones internacionales. Este <strong>hallazgo cient\u00edfico<\/strong> es <strong>fundamental<\/strong> <strong>para conocer la respuesta del Malbec frente al cambio clim\u00e1tico<\/strong> y para atender otros desaf\u00edos del mercado vitivin\u00edcola mundial<\/em><\/p>\n<p>En el marco del Mes del Malbec, se realiz\u00f3 en La Enoteca la presentaci\u00f3n de los resultados del Proyecto <strong>IBEROGEN<\/strong>, una investigaci\u00f3n cient\u00edfica que logr\u00f3 <strong>descifrar el genoma completo del Malbec<\/strong>, variedad insignia de la Argentina. Este revelador proyecto fue encabezado por <strong>Vivero Mercier y el Instituto de Biolog\u00eda Agr\u00edcola de Mendoza<\/strong> (IBAM, CONICET-UNCUYO), en colaboraci\u00f3n con instituciones internacionales.<\/p>\n<p>El estudio fue publicado recientemente en la reconocida revista cient\u00edfica <em>Horticulture Research (Oxford Academic), <\/em>y se convierte en un hallazgo trascendental que sienta las bases para nuevas investigaciones tendientes al mejoramiento de distintos aspectos cualitativos y cuantitativos de la variedad Malbec. La investigaci\u00f3n desarrollada por cient\u00edficos mendocinos revel\u00f3 <strong>datos claves que permiten conocer la respuesta del cepaje emblem\u00e1tico argentino frente al cambio clim\u00e1tico<\/strong>. Y al mismo tiempo, abre las puertas para la creaci\u00f3n de nuevos productos, que sean capaces de atender a los m\u00e1s diversos desaf\u00edos y necesidades del mercado vitivin\u00edcola mundial.<\/p>\n<p><img loading=\"lazy\" decoding=\"async\" class=\"alignnone size-large wp-image-590\" src=\"http:\/\/viveromercier.com.ar\/sitio\/wp-content\/uploads\/2024\/04\/luciano-1024x683.jpg\" alt=\"\" width=\"525\" height=\"350\" srcset=\"http:\/\/viveromercier.com.ar\/sitio\/wp-content\/uploads\/2024\/04\/luciano-1024x683.jpg 1024w, http:\/\/viveromercier.com.ar\/sitio\/wp-content\/uploads\/2024\/04\/luciano-300x200.jpg 300w, http:\/\/viveromercier.com.ar\/sitio\/wp-content\/uploads\/2024\/04\/luciano-768x513.jpg 768w, http:\/\/viveromercier.com.ar\/sitio\/wp-content\/uploads\/2024\/04\/luciano-1536x1025.jpg 1536w, http:\/\/viveromercier.com.ar\/sitio\/wp-content\/uploads\/2024\/04\/luciano-2048x1367.jpg 2048w\" sizes=\"auto, (max-width: 525px) 100vw, 525px\" \/><\/p>\n<p><strong>\u00bfQu\u00e9 es el proyecto Iberogen?<\/strong><\/p>\n<p><em>\u201cEl proyecto IBEROGEN es un consorcio de cooperaci\u00f3n bilateral que comenz\u00f3 en el 2016 de la mano de Vivero Mercier de Argentina y Bodegas Roda de Espa\u00f1a, por el cual ambas empresas firmaron un acuerdo de colaboraci\u00f3n y de explotaci\u00f3n de resultados, con el compromiso y el inter\u00e9s para trabajar en <strong>investigaciones cient\u00edficas sobre la diversidad gen\u00e9tica existente en variedades de vid \u201cbandera\u201d en Iberoam\u00e9rica: Malbec y Tempranillo respectivamente\u201d<\/strong><\/em><strong>, explic\u00f3 la licenciada Laura Bree, responsable del Departamento de Investigaci\u00f3n, Desarrollo e Innovaci\u00f3n de Vivero Mercier.<\/strong><\/p>\n<p>&nbsp;<\/p>\n<p>Para llevar adelante el proyecto, organismos cient\u00edficos de Argentina y Espa\u00f1a participaron de la iniciativa, entre ellos: el<strong> Grupo de Gen\u00e9tica y Gen\u00f3mica de Vid del IBAM (Instituto de Biolog\u00eda Agr\u00edcola Mendoza, CONICET-UNCuyo) <\/strong>en representaci\u00f3n de nuestro pa\u00eds y el <strong>Instituto de Ciencias de la Vid y del Vino<\/strong>, representando a Espa\u00f1a. La investigaci\u00f3n cont\u00f3 con el financiamiento de la <strong>Agencia Nacional de Promoci\u00f3n Cient\u00edfica y Tecnol\u00f3gica, <\/strong>dependiente del Ministerio de Ciencia y T\u00e9cnica de la Naci\u00f3n.<\/p>\n<p><img loading=\"lazy\" decoding=\"async\" class=\"alignnone size-large wp-image-591\" src=\"http:\/\/viveromercier.com.ar\/sitio\/wp-content\/uploads\/2024\/04\/daniel-bergamin-1024x684.jpg\" alt=\"\" width=\"525\" height=\"351\" srcset=\"http:\/\/viveromercier.com.ar\/sitio\/wp-content\/uploads\/2024\/04\/daniel-bergamin-1024x684.jpg 1024w, http:\/\/viveromercier.com.ar\/sitio\/wp-content\/uploads\/2024\/04\/daniel-bergamin-300x200.jpg 300w, http:\/\/viveromercier.com.ar\/sitio\/wp-content\/uploads\/2024\/04\/daniel-bergamin-768x513.jpg 768w, http:\/\/viveromercier.com.ar\/sitio\/wp-content\/uploads\/2024\/04\/daniel-bergamin-1536x1025.jpg 1536w, http:\/\/viveromercier.com.ar\/sitio\/wp-content\/uploads\/2024\/04\/daniel-bergamin-2048x1367.jpg 2048w\" sizes=\"auto, (max-width: 525px) 100vw, 525px\" \/><\/p>\n<p>El proyecto IBEROGEN se propuso como objetivo <em>\u201cestudiar <\/em><em>la diversidad gen\u00e9tica existente en Tempranillo y Malbec, para seleccionar l\u00edneas m\u00e1s adaptadas a las condiciones de cambio clim\u00e1tico que permitieran ir sustituyendo a los materiales gen\u00e9ticos existentes, por clones mejores adaptados a las nuevas condiciones ambientales\u201d,<\/em> comenta el ingeniero Daniel Bergam\u00edn, director t\u00e9cnico de Vivero Mercier. Por otro lado, se buscaba obtener variantes som\u00e1ticas de los varietales m\u00e1s relevantes de Espa\u00f1a y Argentina e identificar genotipos m\u00e1s adaptados para las nuevas condiciones clim\u00e1ticas, manteniendo el genotipo b\u00e1sico del cepaje, sus caracter\u00edsticas productivas, enol\u00f3gicas y su tipicidad.<\/p>\n<p>La investigaci\u00f3n recientemente publicada cont\u00f3 con un equipo interdisciplinario de expertos en diferentes ejes de trabajo relacionados a los campos de la vitivinicultura, la fitopatolog\u00eda, la bioinform\u00e1tica y la gen\u00e9tica. Los investigadores que participaron fueron: Luciano Calder\u00f3n, Pablo Carbonell Bejerano, Claudio Mu\u00f1oz, Laura Bree, Crist\u00f3bal Sola, Daniel Bergam\u00edn, Walter Tulle, Sebasti\u00e1n G\u00f3mez Talquenca, Christa Lanz, Carolina Royo, Jabier Ib\u00e1\u00f1ez, Jos\u00e9 Miguel Mart\u00ednez Zapater y Diego Lijavetzky.<\/p>\n<p><img loading=\"lazy\" decoding=\"async\" class=\"alignnone size-large wp-image-592\" src=\"http:\/\/viveromercier.com.ar\/sitio\/wp-content\/uploads\/2024\/04\/diego-1024x684.jpg\" alt=\"\" width=\"525\" height=\"351\" srcset=\"http:\/\/viveromercier.com.ar\/sitio\/wp-content\/uploads\/2024\/04\/diego-1024x684.jpg 1024w, http:\/\/viveromercier.com.ar\/sitio\/wp-content\/uploads\/2024\/04\/diego-300x200.jpg 300w, http:\/\/viveromercier.com.ar\/sitio\/wp-content\/uploads\/2024\/04\/diego-768x513.jpg 768w, http:\/\/viveromercier.com.ar\/sitio\/wp-content\/uploads\/2024\/04\/diego-1536x1025.jpg 1536w, http:\/\/viveromercier.com.ar\/sitio\/wp-content\/uploads\/2024\/04\/diego-2048x1367.jpg 2048w\" sizes=\"auto, (max-width: 525px) 100vw, 525px\" \/><\/p>\n<p><strong>El genoma del Malbec<\/strong><\/p>\n<p>Es bien conocido que el cambio clim\u00e1tico afecta los ciclos vegetativos y reproductivos de la vid, produciendo cambios espec\u00edficos en el desarrollo de la uva, acelerando la disminuci\u00f3n de \u00e1cidos org\u00e1nicos, induciendo un incremento en la concentraci\u00f3n de az\u00facares y desfasando la acumulaci\u00f3n de antocianas de la maduraci\u00f3n fen\u00f3lica. Como consecuencia, estas uvas dan lugar a vinos de grado alcoh\u00f3lico excesivo, baja acidez, baja intensidad de color y sabores astringentes.<\/p>\n<p>De hecho, <em>\u201cen el mundo de los vinos de alta gama, la composici\u00f3n gen\u00e9tica de las uvas es fundamental para la calidad y la singularidad del producto en cada botella. El Malbec, es una variedad de uva muy apreciada y conocida por su color caracter\u00edstico y su amplio perfil arom\u00e1tico, consecuencia de su complejidad gen\u00e9tica\u201d<\/em> coment\u00f3 la licenciada Bree. El Malbec presenta un genoma altamente heterog\u00e9neo que influye en sus caracter\u00edsticas distintivas.<\/p>\n<p><img loading=\"lazy\" decoding=\"async\" class=\"alignnone size-large wp-image-589\" src=\"http:\/\/viveromercier.com.ar\/sitio\/wp-content\/uploads\/2024\/04\/laura-bree-1024x684.jpg\" alt=\"\" width=\"525\" height=\"351\" srcset=\"http:\/\/viveromercier.com.ar\/sitio\/wp-content\/uploads\/2024\/04\/laura-bree-1024x684.jpg 1024w, http:\/\/viveromercier.com.ar\/sitio\/wp-content\/uploads\/2024\/04\/laura-bree-300x200.jpg 300w, http:\/\/viveromercier.com.ar\/sitio\/wp-content\/uploads\/2024\/04\/laura-bree-768x513.jpg 768w, http:\/\/viveromercier.com.ar\/sitio\/wp-content\/uploads\/2024\/04\/laura-bree-1536x1025.jpg 1536w, http:\/\/viveromercier.com.ar\/sitio\/wp-content\/uploads\/2024\/04\/laura-bree-2048x1367.jpg 2048w\" sizes=\"auto, (max-width: 525px) 100vw, 525px\" \/><\/p>\n<p><em>\u201cEl equipo de investigaci\u00f3n del proyecto IBEROGEN ha descifrado el conjunto del genoma diploide de Malbec, proporcionando una perspectiva m\u00e1s clara sobre la interacci\u00f3n gen\u00e9tica entre sus dos variedades parentales, Prunelard y Magdeleine Noire des Charentes\u201d,<\/em> precisa el Dr. Diego Lijavetzky del IBAM.\u00a0 El material que se utiliz\u00f3 para realizar esta secuenciaci\u00f3n fue el <strong>Malbec clon Mercier<\/strong><strong>\u00ae <\/strong><strong>136,<\/strong> que corresponde a una obtenci\u00f3n de Vivero Mercier Argentina del a\u00f1o 1999, proveniente de un vi\u00f1edo de m\u00e1s de 100 a\u00f1os ubicado en Agrelo, Luj\u00e1n de Cuyo, Mendoza.<\/p>\n<p>Cabe aclarar que se emplearon t\u00e9cnicas avanzadas de secuenciaci\u00f3n de ADN y bioinform\u00e1ticas para integrar secuencias de ADN largas y cortas. <em>\u201cSe logr\u00f3 un ensamblaje detallado y preciso de los complementos haploides (padres) que conforman el genoma diploide de Malbec, con tasas de error excepcionalmente bajas. Se devel\u00f3 que m\u00e1s de un cuarto del genoma mostraba regiones polim\u00f3rficas, lo que lleva a una variaci\u00f3n gen\u00e9tica significativa. Esta nueva informaci\u00f3n gen\u00f3mica permiti\u00f3 una profunda evaluaci\u00f3n del transcriptoma (aparato que traduce la informaci\u00f3n gen\u00e9tica) de cuatro clones de Malbec, cada una con rasgos \u00fanicos de composici\u00f3n de las bayas\u201d, <\/em>agrega el Dr. Luciano Calder\u00f3n.<\/p>\n<p>De todos los clones estudiados durante la investigaci\u00f3n, uno de ellos se destac\u00f3 particularmente por su mayor contenido de antocianina (compuesto responsable del color) en las pieles de sus bayas, un atributo deseado en la elaboraci\u00f3n del vino. <em>\u201cSe encontr\u00f3 que esta diferencia estaba relacionada con las respuestas elevadas al \u00e1cido absc\u00edsico, una hormona que influye en la expresi\u00f3n de genes relacionados con la respuesta al estr\u00e9s y la madurez de las bayas. Esto puso de relieve el profundo y complejo impacto que pueden tener las variaciones gen\u00e9ticas puntuales en el desarrollo de la calidad de la uva y, por lo tanto, en las caracter\u00edsticas varietales del vino que produce\u201d, <\/em>comentaron los investigadores.<\/p>\n<p>La decodificaci\u00f3n del genoma de Malbec ilustra la compleja relaci\u00f3n entre la diversidad gen\u00e9tica y la variaci\u00f3n clonal. Esto marca un paso significativo hacia la comprensi\u00f3n de c\u00f3mo las mutaciones som\u00e1ticas modifican las caracter\u00edsticas de los distintos clones, arrojando luz sobre una nueva dimensi\u00f3n de la investigaci\u00f3n gen\u00e9tica de la vid, que podr\u00eda revolucionar el futuro de la viticultura.<\/p>\n<p><img loading=\"lazy\" decoding=\"async\" class=\"size-full wp-image-594 aligncenter\" src=\"http:\/\/viveromercier.com.ar\/sitio\/wp-content\/uploads\/2024\/04\/genoma.jpg\" alt=\"\" width=\"379\" height=\"427\" srcset=\"http:\/\/viveromercier.com.ar\/sitio\/wp-content\/uploads\/2024\/04\/genoma.jpg 379w, http:\/\/viveromercier.com.ar\/sitio\/wp-content\/uploads\/2024\/04\/genoma-266x300.jpg 266w\" sizes=\"auto, (max-width: 379px) 100vw, 379px\" \/><\/p>\n<p><strong>Sobre Vivero Mercier Argentina<\/strong><\/p>\n<p>Es el vivero de producci\u00f3n de plantas de vid m\u00e1s importante de la Argentina.\u00a0 Forma parte del Grupo Mercier de Francia que desde hace m\u00e1s de 130 a\u00f1os produce y comercializa plantas de vid con un alto nivel tecnol\u00f3gico, en m\u00e1s de 35 pa\u00edses. Su filosof\u00eda de trabajo se asienta en la firme convicci\u00f3n de que <strong>el material vegetal es determinante en el \u00e9xito<\/strong> <strong>de los proyectos vitivin\u00edcolas<\/strong>, sobre todo frente a escenarios actuales de cambio clim\u00e1tico y exigencias constantes de los mercados.\u00a0 <em>\u201cMercier tiene como misi\u00f3n trabajar por una viticultura innovadora, cualitativa, sostenible y responsable en beneficio de las generaciones futuras\u201d, <\/em>sintetiza Miguel Mercier, presidente de la compa\u00f1\u00eda.<\/p>\n<p>La investigaci\u00f3n es fundamental para el Grupo Mercier, as\u00ed es que en 1986 crea la empresa Novatech, dedicada a la selecci\u00f3n, el an\u00e1lisis y la investigaci\u00f3n para la vitivinicultura. En la actualidad, el campo de acci\u00f3n se extiende tambi\u00e9n a la creaci\u00f3n varietal.<\/p>\n<p>Para Mercier, los trabajos en gen\u00e9tica representan m\u00e1s del 80% de los programas de Investigaci\u00f3n y Desarrollo en curso, concentrados en dos l\u00edneas principales:\u00a0 los cruzamientos tradicionales y la edici\u00f3n g\u00e9nica (mutag\u00e9nesis, cisg\u00e9nesis y transg\u00e9nesis).<\/p>\n<p>El continuo desarrollo en el \u00e1rea de la gen\u00e9tica le permite mantener l\u00edneas de trabajo en conjunto con: IBMP-CNRS Strasbourgo (Francia); IFV \u2013 Montpellier (Francia); INRAE Montpellier y Versailles (AGAP y IJPB) (Francia); Fundazione Edmund Mach (Italia); Universitat de Udine (Italia); EBI Poitiers (Francia); Concha y Toro (Chile); INIA la Platina (CHile); UC Davis (USA) e IBAM \u2013 CONICET- UNCuyo (Argentina)<\/p>\n<p><em>\u201cLos logros obtenidos en el marco del proyecto IBEROGEN, confirman el fuerte compromiso de la empresa con el desarrollo de la variedad Malbec y con la vitivinicultura mundial, sumando nuevas alternativas a la lista de clones y selecciones que venimos desarrollando hace m\u00e1s de 20 a\u00f1os y abriendo puerta a la creaci\u00f3n de nuevos productos, para atender a los m\u00e1s diversos desaf\u00edos y necesidades del mercado\u201d,<\/em> concluye el ingeniero Bergamin.<img loading=\"lazy\" decoding=\"async\" class=\"alignnone size-large wp-image-595\" src=\"http:\/\/viveromercier.com.ar\/sitio\/wp-content\/uploads\/2024\/04\/equipo-mercier-1024x684.jpg\" alt=\"\" width=\"525\" height=\"351\" srcset=\"http:\/\/viveromercier.com.ar\/sitio\/wp-content\/uploads\/2024\/04\/equipo-mercier-1024x684.jpg 1024w, http:\/\/viveromercier.com.ar\/sitio\/wp-content\/uploads\/2024\/04\/equipo-mercier-300x200.jpg 300w, http:\/\/viveromercier.com.ar\/sitio\/wp-content\/uploads\/2024\/04\/equipo-mercier-768x513.jpg 768w, http:\/\/viveromercier.com.ar\/sitio\/wp-content\/uploads\/2024\/04\/equipo-mercier-1536x1025.jpg 1536w, http:\/\/viveromercier.com.ar\/sitio\/wp-content\/uploads\/2024\/04\/equipo-mercier-2048x1367.jpg 2048w\" sizes=\"auto, (max-width: 525px) 100vw, 525px\" \/><\/p>\n<p><strong>Sobre el Instituto de Biolog\u00eda Agr\u00edcola de Mendoza y el Grupo de Gen\u00e9tica y Gen\u00f3mica de vid (Genovid)<\/strong><\/p>\n<p>Con sede en la Facultad de Ciencias Agrarias, el Instituto de Biolog\u00eda Agr\u00edcola de Mendoza (IBAM) fue creado en 2009 como un instituto de doble dependencia (CONICET-UNCUYO).<\/p>\n<p>La misi\u00f3n del IBAM es la generaci\u00f3n de conocimiento en aspectos b\u00e1sicos y aplicados de la agricultura de regad\u00edo, con el fin de desarrollar herramientas para mejorar la producci\u00f3n y reducir factores de impacto negativos sobre ellos y sobre el entorno.<\/p>\n<p>Dentro del IBAM funciona el Grupo de Gen\u00e9tica y Gen\u00f3mica de vid (dirigido por el Dr. Diego Lijavetzky), que tiene como objetivo descifrar los mecanismos gen\u00e9ticos y moleculares que son responsables de la regulaci\u00f3n de los diferentes caracteres relacionados con la calidad de las uvas y el vino.<\/p>\n<p>El grupo emplea t\u00e9cnicas experimentales de \u00faltima generaci\u00f3n (gen\u00f3mica, transcript\u00f3mica, transformaci\u00f3n y edici\u00f3n g\u00e9nica) que permiten estudiar la variaci\u00f3n gen\u00e9tica y fenot\u00edpica natural, y entender como esta variaci\u00f3n natural puede convertirse en una herramienta clave para afrontar las nuevas condiciones impuestas por el cambio clim\u00e1tico.<\/p>\n<p><img loading=\"lazy\" decoding=\"async\" class=\"alignnone size-large wp-image-596\" src=\"http:\/\/viveromercier.com.ar\/sitio\/wp-content\/uploads\/2024\/04\/qr-1024x684.jpg\" alt=\"\" width=\"525\" height=\"351\" srcset=\"http:\/\/viveromercier.com.ar\/sitio\/wp-content\/uploads\/2024\/04\/qr-1024x684.jpg 1024w, http:\/\/viveromercier.com.ar\/sitio\/wp-content\/uploads\/2024\/04\/qr-300x200.jpg 300w, http:\/\/viveromercier.com.ar\/sitio\/wp-content\/uploads\/2024\/04\/qr-768x513.jpg 768w, http:\/\/viveromercier.com.ar\/sitio\/wp-content\/uploads\/2024\/04\/qr-1536x1025.jpg 1536w, http:\/\/viveromercier.com.ar\/sitio\/wp-content\/uploads\/2024\/04\/qr-2048x1367.jpg 2048w\" sizes=\"auto, (max-width: 525px) 100vw, 525px\" \/><\/p>\n<p><strong>Publicaci\u00f3n cient\u00edfica: Horticulture Research, uhae080, <\/strong><a href=\"https:\/\/doi.org\/10.1093\/hr\/uhae080\"><strong>https:\/\/doi.org\/10.1093\/hr\/uhae080<\/strong><\/a><\/p>\n","protected":false},"excerpt":{"rendered":"<p>El proyecto Iberogen fue posible gracias al trabajo articulado de Vivero Mercier, el Instituto de Biolog\u00eda Agr\u00edcola de Mendoza (IBAM, CONICET-UNCUYO), e instituciones internacionales. Este hallazgo cient\u00edfico es fundamental para conocer la respuesta del Malbec frente al cambio clim\u00e1tico y para atender otros desaf\u00edos del mercado vitivin\u00edcola mundial En el marco del Mes del Malbec, &hellip; <\/p>\n<p class=\"link-more\"><a href=\"http:\/\/viveromercier.com.ar\/sitio\/2024\/04\/13\/investigadores-mendocinos-lograron-descifrar-por-primera-vez-el-genoma-completo-del-malbec\/\" class=\"more-link\">Continuar leyendo<span class=\"screen-reader-text\"> \u00abInvestigadores mendocinos lograron descifrar por primera vez el  genoma completo del Malbec\u00bb<\/span><\/a><\/p>\n","protected":false},"author":2,"featured_media":587,"comment_status":"closed","ping_status":"closed","sticky":false,"template":"","format":"standard","meta":{"footnotes":""},"categories":[2],"tags":[],"class_list":["post-586","post","type-post","status-publish","format-standard","has-post-thumbnail","hentry","category-blog"],"_links":{"self":[{"href":"http:\/\/viveromercier.com.ar\/sitio\/wp-json\/wp\/v2\/posts\/586","targetHints":{"allow":["GET"]}}],"collection":[{"href":"http:\/\/viveromercier.com.ar\/sitio\/wp-json\/wp\/v2\/posts"}],"about":[{"href":"http:\/\/viveromercier.com.ar\/sitio\/wp-json\/wp\/v2\/types\/post"}],"author":[{"embeddable":true,"href":"http:\/\/viveromercier.com.ar\/sitio\/wp-json\/wp\/v2\/users\/2"}],"replies":[{"embeddable":true,"href":"http:\/\/viveromercier.com.ar\/sitio\/wp-json\/wp\/v2\/comments?post=586"}],"version-history":[{"count":5,"href":"http:\/\/viveromercier.com.ar\/sitio\/wp-json\/wp\/v2\/posts\/586\/revisions"}],"predecessor-version":[{"id":600,"href":"http:\/\/viveromercier.com.ar\/sitio\/wp-json\/wp\/v2\/posts\/586\/revisions\/600"}],"wp:featuredmedia":[{"embeddable":true,"href":"http:\/\/viveromercier.com.ar\/sitio\/wp-json\/wp\/v2\/media\/587"}],"wp:attachment":[{"href":"http:\/\/viveromercier.com.ar\/sitio\/wp-json\/wp\/v2\/media?parent=586"}],"wp:term":[{"taxonomy":"category","embeddable":true,"href":"http:\/\/viveromercier.com.ar\/sitio\/wp-json\/wp\/v2\/categories?post=586"},{"taxonomy":"post_tag","embeddable":true,"href":"http:\/\/viveromercier.com.ar\/sitio\/wp-json\/wp\/v2\/tags?post=586"}],"curies":[{"name":"wp","href":"https:\/\/api.w.org\/{rel}","templated":true}]}}