{"id":379,"date":"2022-01-13T14:47:56","date_gmt":"2022-01-13T14:47:56","guid":{"rendered":"http:\/\/viveromercier.com.ar\/sitio\/?p=379"},"modified":"2025-09-24T13:42:55","modified_gmt":"2025-09-24T13:42:55","slug":"donamos-750-plantas-para-un-proyecto-comunitario-de-cordoba","status":"publish","type":"post","link":"http:\/\/viveromercier.com.ar\/sitio\/2022\/01\/13\/donamos-750-plantas-para-un-proyecto-comunitario-de-cordoba\/","title":{"rendered":"Donamos 750 plantas para un proyecto comunitario  de C\u00f3rdoba"},"content":{"rendered":"\n<p>La Asociaci\u00f3n Trabajadores Unidos por la Tierra, nacida en 2016, es una organizaci\u00f3n social rural de la Econom\u00eda Popular y tiene sede en C\u00f3rdoba, en los departamentos de Santa Mar\u00eda y Calamuchita.<\/p>\n\n\n\n<div class=\"wp-block-image\"><figure class=\"aligncenter size-large\"><img loading=\"lazy\" decoding=\"async\" width=\"1024\" height=\"1024\" src=\"http:\/\/viveromercier.com.ar\/sitio\/wp-content\/uploads\/2022\/01\/1-1024x1024.png\" alt=\"\" class=\"wp-image-382\" srcset=\"http:\/\/viveromercier.com.ar\/sitio\/wp-content\/uploads\/2022\/01\/1-1024x1024.png 1024w, http:\/\/viveromercier.com.ar\/sitio\/wp-content\/uploads\/2022\/01\/1-300x300.png 300w, http:\/\/viveromercier.com.ar\/sitio\/wp-content\/uploads\/2022\/01\/1-768x768.png 768w, http:\/\/viveromercier.com.ar\/sitio\/wp-content\/uploads\/2022\/01\/1-100x100.png 100w, http:\/\/viveromercier.com.ar\/sitio\/wp-content\/uploads\/2022\/01\/1.png 1080w\" sizes=\"auto, (max-width: 767px) 89vw, (max-width: 1000px) 54vw, (max-width: 1071px) 543px, 580px\" \/><figcaption> Rafael Brico es el t\u00e9cnico que estar\u00e1 a cargo de acompa\u00f1ar y capacitar a las familias responsables del proyecto. <\/figcaption><\/figure><\/div>\n\n\n\n<p>Las primeras experiencias fueron las huertas comunitarias, los gallineros y criaderos de pollos. Hoy, ya cuentan con m\u00e1s de 40 unidades productivas con eje en la soberan\u00eda alimentaria y la producci\u00f3n agroecol\u00f3gica de verduras, huevos y carnes. Unas 250 familias de la zona integran la organizaci\u00f3n y la gestionan de manera cooperativa, con una perspectiva de creaci\u00f3n de fuentes de trabajo digno que fortalezcan el arraigo rural. \u00a0<\/p>\n\n\n\n<div class=\"wp-block-image\"><figure class=\"aligncenter size-large is-resized\"><img loading=\"lazy\" decoding=\"async\" src=\"http:\/\/viveromercier.com.ar\/sitio\/wp-content\/uploads\/2022\/01\/Familias-colaborando-en-la-preparaci\u00f3n-del-terreno-para-la-implantaci\u00f3n-de-los-barbechos-768x1024.jpeg\" alt=\"\" class=\"wp-image-383\" width=\"467\" height=\"623\" srcset=\"http:\/\/viveromercier.com.ar\/sitio\/wp-content\/uploads\/2022\/01\/Familias-colaborando-en-la-preparaci\u00f3n-del-terreno-para-la-implantaci\u00f3n-de-los-barbechos-768x1024.jpeg 768w, http:\/\/viveromercier.com.ar\/sitio\/wp-content\/uploads\/2022\/01\/Familias-colaborando-en-la-preparaci\u00f3n-del-terreno-para-la-implantaci\u00f3n-de-los-barbechos-225x300.jpeg 225w, http:\/\/viveromercier.com.ar\/sitio\/wp-content\/uploads\/2022\/01\/Familias-colaborando-en-la-preparaci\u00f3n-del-terreno-para-la-implantaci\u00f3n-de-los-barbechos.jpeg 780w\" sizes=\"auto, (max-width: 467px) 100vw, 467px\" \/><figcaption>Inicialmente 3 familias de la comunidad se ocupar\u00e1n de las tareas que demande el vi\u00f1edo emplazado en el Refugio Libertad.<\/figcaption><\/figure><\/div>\n\n\n\n<p>El nuevo proyecto de la asociaci\u00f3n consiste en la creaci\u00f3n de un vi\u00f1edo, con el objetivo de diversificar y agregar valor a la propuesta productiva de la comunidad. <em>\u201cLa plantaci\u00f3n inicial ser\u00e1 de 750 plantas donadas por Vivero Mercier, estar\u00e1 a cargo de 3 grupos familiares y contar\u00e1 con el asesoramiento del t\u00e9cnico agrario y en\u00f3logo Rafael Brico, quien trabaja en vi\u00f1as y bodegas de la zona hace unos 10 a\u00f1os\u201d<\/em>, aseguraron referentes de la organizaci\u00f3n.<\/p>\n\n\n\n<div class=\"wp-block-image\"><figure class=\"aligncenter size-large\"><img loading=\"lazy\" decoding=\"async\" width=\"1024\" height=\"1024\" src=\"http:\/\/viveromercier.com.ar\/sitio\/wp-content\/uploads\/2022\/01\/3-1024x1024.png\" alt=\"\" class=\"wp-image-384\" srcset=\"http:\/\/viveromercier.com.ar\/sitio\/wp-content\/uploads\/2022\/01\/3-1024x1024.png 1024w, http:\/\/viveromercier.com.ar\/sitio\/wp-content\/uploads\/2022\/01\/3-300x300.png 300w, http:\/\/viveromercier.com.ar\/sitio\/wp-content\/uploads\/2022\/01\/3-768x768.png 768w, http:\/\/viveromercier.com.ar\/sitio\/wp-content\/uploads\/2022\/01\/3-100x100.png 100w, http:\/\/viveromercier.com.ar\/sitio\/wp-content\/uploads\/2022\/01\/3.png 1080w\" sizes=\"auto, (max-width: 767px) 89vw, (max-width: 1000px) 54vw, (max-width: 1071px) 543px, 580px\" \/><figcaption>En el mismo predio donde se implantaron las vides, funcionan otras 8 unidades productivas.<\/figcaption><\/figure><\/div>\n\n\n\n<p>Este proyecto de cultivo de vid y producci\u00f3n de vinos se llevar\u00e1 a cabo en el predio rebautizado como Refugio Libertad, el cual funcion\u00f3 como centro clandestino de detenci\u00f3n durante la d\u00e9cada del \u201870. La organizaci\u00f3n accedi\u00f3 a este sitio en 2018 y all\u00ed funcionan 8 unidades productivas (av\u00edcola, vacuna, porcina, ovina, apicultura, horticultura, cunicultura y reciclado). Es, adem\u00e1s, sede de los talleres de formaci\u00f3n y de las asambleas. Y en dicho predio se est\u00e1 montando un espacio cultural y deportivo, junto con un sitio de reconstrucci\u00f3n de la memoria hist\u00f3rica. <em>\u201cBuscamos regenerar un lugar que estuvo al servicio del proyecto de muerte, en una clave de reproducci\u00f3n y cuidado de la vida en comunidad\u201d,<\/em> preciaron desde la Asociaci\u00f3n de Trabajadores Unidos por la Tierra.<\/p>\n\n\n\n<p><em>\u201cPara nosotros es muy grato poder sumarnos a iniciativas de esta naturaleza, que incluyan a la vid y al vino como parte del desarrollo de una comunidad\u201d,<\/em> coment\u00f3 Daniel Bergam\u00edn, gerente de producci\u00f3n de Mercier.<\/p>\n\n\n\n<div class=\"wp-block-image\"><figure class=\"aligncenter size-large\"><img loading=\"lazy\" decoding=\"async\" width=\"1024\" height=\"1024\" src=\"http:\/\/viveromercier.com.ar\/sitio\/wp-content\/uploads\/2022\/01\/6-1024x1024.png\" alt=\"\" class=\"wp-image-385\" srcset=\"http:\/\/viveromercier.com.ar\/sitio\/wp-content\/uploads\/2022\/01\/6-1024x1024.png 1024w, http:\/\/viveromercier.com.ar\/sitio\/wp-content\/uploads\/2022\/01\/6-300x300.png 300w, http:\/\/viveromercier.com.ar\/sitio\/wp-content\/uploads\/2022\/01\/6-768x768.png 768w, http:\/\/viveromercier.com.ar\/sitio\/wp-content\/uploads\/2022\/01\/6-100x100.png 100w, http:\/\/viveromercier.com.ar\/sitio\/wp-content\/uploads\/2022\/01\/6.png 1080w\" sizes=\"auto, (max-width: 767px) 89vw, (max-width: 1000px) 54vw, (max-width: 1071px) 543px, 580px\" \/><figcaption>Este vi\u00f1edo se gestionar\u00e1 de manera cooperativa y busca crear fuentes de trabajo digno que fortalezcan el arraigo rural. \u00a0<\/figcaption><\/figure><\/div>\n\n\n\n<p>En 2021, y de la mano del t\u00e9cnico Rafael Brico, la organizaci\u00f3n accedi\u00f3 a las plantas donadas y ya se ha procedido a su implantaci\u00f3n en el predio del Refugio Libertad.<\/p>\n","protected":false},"excerpt":{"rendered":"<p>La Asociaci\u00f3n Trabajadores Unidos por la Tierra, nacida en 2016, es una organizaci\u00f3n social rural de la Econom\u00eda Popular y tiene sede en C\u00f3rdoba, en los departamentos de Santa Mar\u00eda y Calamuchita. Las primeras experiencias fueron las huertas comunitarias, los gallineros y criaderos de pollos. Hoy, ya cuentan con m\u00e1s de 40 unidades productivas con &hellip; <\/p>\n<p class=\"link-more\"><a href=\"http:\/\/viveromercier.com.ar\/sitio\/2022\/01\/13\/donamos-750-plantas-para-un-proyecto-comunitario-de-cordoba\/\" class=\"more-link\">Continuar leyendo<span class=\"screen-reader-text\"> \u00abDonamos 750 plantas para un proyecto comunitario  de C\u00f3rdoba\u00bb<\/span><\/a><\/p>\n","protected":false},"author":2,"featured_media":380,"comment_status":"closed","ping_status":"closed","sticky":false,"template":"","format":"standard","meta":{"footnotes":""},"categories":[2],"tags":[],"class_list":["post-379","post","type-post","status-publish","format-standard","has-post-thumbnail","hentry","category-blog"],"_links":{"self":[{"href":"http:\/\/viveromercier.com.ar\/sitio\/wp-json\/wp\/v2\/posts\/379","targetHints":{"allow":["GET"]}}],"collection":[{"href":"http:\/\/viveromercier.com.ar\/sitio\/wp-json\/wp\/v2\/posts"}],"about":[{"href":"http:\/\/viveromercier.com.ar\/sitio\/wp-json\/wp\/v2\/types\/post"}],"author":[{"embeddable":true,"href":"http:\/\/viveromercier.com.ar\/sitio\/wp-json\/wp\/v2\/users\/2"}],"replies":[{"embeddable":true,"href":"http:\/\/viveromercier.com.ar\/sitio\/wp-json\/wp\/v2\/comments?post=379"}],"version-history":[{"count":5,"href":"http:\/\/viveromercier.com.ar\/sitio\/wp-json\/wp\/v2\/posts\/379\/revisions"}],"predecessor-version":[{"id":389,"href":"http:\/\/viveromercier.com.ar\/sitio\/wp-json\/wp\/v2\/posts\/379\/revisions\/389"}],"wp:featuredmedia":[{"embeddable":true,"href":"http:\/\/viveromercier.com.ar\/sitio\/wp-json\/wp\/v2\/media\/380"}],"wp:attachment":[{"href":"http:\/\/viveromercier.com.ar\/sitio\/wp-json\/wp\/v2\/media?parent=379"}],"wp:term":[{"taxonomy":"category","embeddable":true,"href":"http:\/\/viveromercier.com.ar\/sitio\/wp-json\/wp\/v2\/categories?post=379"},{"taxonomy":"post_tag","embeddable":true,"href":"http:\/\/viveromercier.com.ar\/sitio\/wp-json\/wp\/v2\/tags?post=379"}],"curies":[{"name":"wp","href":"https:\/\/api.w.org\/{rel}","templated":true}]}}